{"id":4133,"date":"2024-11-29T14:28:46","date_gmt":"2024-11-29T14:28:46","guid":{"rendered":"https:\/\/theblueportugal.com\/?p=4133"},"modified":"2025-01-14T14:55:52","modified_gmt":"2025-01-14T14:55:52","slug":"orcamento-de-portugal-para-2025-um-futuro-favoravel-aos-impostos-para-investidores-e-novos-residentes","status":"publish","type":"post","link":"https:\/\/theblueportugal.com\/pt\/orcamento-de-portugal-para-2025-um-futuro-favoravel-aos-impostos-para-investidores-e-novos-residentes\/","title":{"rendered":"Or\u00e7amento de Portugal para 2025: Um futuro favor\u00e1vel aos impostos para investidores e novos residentes"},"content":{"rendered":"<p>O Or\u00e7amento do Estado de Portugal para 2025, recentemente aprovado, introduz uma s\u00e9rie de reformas fiscais significativas destinadas a impulsionar o crescimento econ\u00f4mico do pa\u00eds e atrair residentes e empresas. Com medidas visando reduzir impostos de renda corporativos e pessoais, juntamente com novos incentivos para investimento e inova\u00e7\u00e3o, a estrat\u00e9gia do governo est\u00e1 focada em criar um ambiente fiscal mais competitivo e atrativo.<\/p>\n\n\n\n<p>Entre essas mudan\u00e7as, destaca-se a introdu\u00e7\u00e3o do novo <strong>Regime tribut\u00e1rio IFICI+<\/strong> destaca-se como uma oportunidade fundamental para indiv\u00edduos que buscam se mudar para Portugal enquanto contribuem para suas ind\u00fastrias pr\u00f3speras. Neste artigo, exploraremos as atualiza\u00e7\u00f5es mais impactantes, incluindo cortes de impostos, incentivos de investimento e como essas pol\u00edticas podem beneficiar indiv\u00edduos e empresas.<\/p>\n\n\n\n<h2 class=\"wp-block-heading has-medium-font-size\"><strong>Principais mudan\u00e7as fiscais para empresas<\/strong><\/h2>\n\n\n\n<p>O Or\u00e7amento do Estado de 2025 introduz v\u00e1rias medidas que visam reduzir a carga fiscal sobre as empresas, fomentar o crescimento e encorajar o investimento. Entre as atualiza\u00e7\u00f5es mais impactantes est\u00e3o:<\/p>\n\n\n\n<ul class=\"wp-block-list\">\n<li><strong>Redu\u00e7\u00e3o do imposto sobre o rendimento das sociedades<\/strong>:\n<ul class=\"wp-block-list\">\n<li>A taxa padr\u00e3o do imposto sobre o rendimento das sociedades foi reduzida de <strong>21% para 20%<\/strong>, com o governo pretendendo reduzi-lo ainda mais para <strong>15% at\u00e9 2027<\/strong>.<\/li>\n\n\n\n<li>Para as Pequenas e M\u00e9dias Empresas (PME), a taxa sobre os primeiros 50 000 \u20ac de rendimento tribut\u00e1vel foi reduzida de <strong>17% para 16%,<\/strong> com uma meta a atingir <strong>12,5% at\u00e9 2026<\/strong>.<\/li>\n<\/ul>\n<\/li>\n\n\n\n<li><strong>Incentivos para Capitaliza\u00e7\u00e3o Empresarial<\/strong>:\n<ul class=\"wp-block-list\">\n<li>Os acionistas individuais agora podem deduzir <strong>20% de contribui\u00e7\u00f5es de capital<\/strong> em dinheiro para as empresas que possuem, oferecendo um incentivo significativo para apoiar a capitaliza\u00e7\u00e3o e o crescimento das empresas.<\/li>\n<\/ul>\n<\/li>\n\n\n\n<li><strong>Redu\u00e7\u00e3o do IVA na Constru\u00e7\u00e3o e Reabilita\u00e7\u00e3o Residencial<\/strong>:\n<ul class=\"wp-block-list\">\n<li>O governo est\u00e1 autorizado a reduzir a taxa de IVA para constru\u00e7\u00e3o ou reabilita\u00e7\u00e3o de im\u00f3veis residenciais em 2025, com o objetivo de estimular a atividade no setor da habita\u00e7\u00e3o.<\/li>\n<\/ul>\n<\/li>\n<\/ul>\n\n\n\n<p>Essas medidas refletem um esfor\u00e7o estrat\u00e9gico para criar um ambiente de neg\u00f3cios mais competitivo, garantindo que empresas de todos os tamanhos tenham acesso a recursos e vantagens fiscais que promovam o crescimento sustent\u00e1vel.<\/p>\n\n\n\n<h2 class=\"wp-block-heading has-medium-font-size\"><strong>Principais atualiza\u00e7\u00f5es do imposto de renda pessoal<\/strong><\/h2>\n\n\n\n<p>O Or\u00e7amento de 2025 tamb\u00e9m traz mudan\u00e7as significativas no imposto de renda pessoal (IRS), visando apoiar profissionais mais jovens, incentivando recompensas baseadas em desempenho e fomentando a participa\u00e7\u00e3o econ\u00f4mica. Abaixo est\u00e3o os principais destaques:<\/p>\n\n\n\n<ul class=\"wp-block-list\">\n<li><strong>Isen\u00e7\u00e3o de Impostos para Jovens Profissionais<\/strong>:\n<ul class=\"wp-block-list\">\n<li>Indiv\u00edduos com idade <strong>at\u00e9 35 anos<\/strong> beneficiar\u00e1 de uma parcial <strong>isen\u00e7\u00e3o de imposto de renda<\/strong> sobre ganhos at\u00e9 <strong>\u20ac 28.000 por ano<\/strong>, aplic\u00e1vel para o <strong>primeiros 10 anos<\/strong> de rendimento tribut\u00e1vel. Esta iniciativa visa atrair e reter jovens talentos em Portugal, oferecendo poupan\u00e7as fiscais consider\u00e1veis no in\u00edcio das suas carreiras.<\/li>\n<\/ul>\n<\/li>\n\n\n\n<li><strong>B\u00f4nus de desempenho isentos de impostos<\/strong>:\n<ul class=\"wp-block-list\">\n<li>B\u00f4nus de produtividade, recompensas de participa\u00e7\u00e3o nos lucros e outros incentivos volunt\u00e1rios e n\u00e3o regulares pagos pelos empregadores ser\u00e3o agora <strong>isento de imposto de renda pessoal<\/strong>, at\u00e9 um limite de <strong>6% do sal\u00e1rio base anual do empregado<\/strong>. Essa isen\u00e7\u00e3o incentiva as empresas a recompensar funcion\u00e1rios de alto desempenho e, ao mesmo tempo, reduzir suas obriga\u00e7\u00f5es fiscais.<\/li>\n<\/ul>\n<\/li>\n<\/ul>\n\n\n\n<p>Ao reduzir a carga tribut\u00e1ria sobre jovens assalariados e incentivar a produtividade por meio de b\u00f4nus isentos de impostos, o governo busca capacitar indiv\u00edduos e aumentar o crescimento econ\u00f4mico por meio do aumento da renda dispon\u00edvel e da motiva\u00e7\u00e3o no local de trabalho.<\/p>\n\n\n\n<h2 class=\"wp-block-heading has-medium-font-size\"><strong>Apresentando o novo regime tribut\u00e1rio IFICI+<\/strong><\/h2>\n\n\n\n<p>Uma das adi\u00e7\u00f5es mais significativas no Or\u00e7amento de Portugal para 2025 \u00e9 a introdu\u00e7\u00e3o do <strong>Regime tribut\u00e1rio IFICI+<\/strong>. Este programa \u00e9 projetado para atrair profissionais e empreendedores altamente qualificados, oferecendo benef\u00edcios fiscais substanciais para aqueles que se mudam para Portugal. Abaixo est\u00e3o os principais detalhes:<\/p>\n\n\n\n<ul class=\"wp-block-list\">\n<li><strong>Quem \u00e9 eleg\u00edvel?<\/strong><strong><br><\/strong>Para se qualificar para o regime IFICI+, os indiv\u00edduos devem:\n<ul class=\"wp-block-list\">\n<li>N\u00e3o tenham sido residentes fiscais em Portugal durante os \u00faltimos <strong>cinco anos<\/strong>.<\/li>\n\n\n\n<li>Ganhe renda de emprego ou trabalho aut\u00f4nomo com atividades qualificadas, que incluem:\n<ul class=\"wp-block-list\">\n<li>Cargos de ensino superior e pesquisa cient\u00edfica.<\/li>\n\n\n\n<li>Fun\u00e7\u00f5es qualificadas em centros de investimento ou tecnologia.<\/li>\n\n\n\n<li>Fun\u00e7\u00f5es de P&amp;D e inova\u00e7\u00e3o com custos eleg\u00edveis.<\/li>\n\n\n\n<li>Cargos em empresas reconhecidas com foco em exporta\u00e7\u00e3o ou startups.<\/li>\n\n\n\n<li>Fun\u00e7\u00f5es espec\u00edficas em entidades consideradas de relev\u00e2ncia econ\u00f3mica pelo governo portugu\u00eas.<\/li>\n\n\n\n<li>Determinadas posi\u00e7\u00f5es nos A\u00e7ores ou na Madeira, conforme definidas pelos seus governos regionais.<\/li>\n<\/ul>\n<\/li>\n<\/ul>\n<\/li>\n\n\n\n<li><strong>Principais benef\u00edcios fiscais<\/strong>:\n<ul class=\"wp-block-list\">\n<li>UM <strong>taxa de imposto fixa 20%<\/strong> sobre renda de emprego e trabalho aut\u00f4nomo proveniente de atividades eleg\u00edveis.<\/li>\n\n\n\n<li><strong>Isen\u00e7\u00f5es fiscais sobre rendimentos estrangeiros<\/strong>, incluindo dividendos, renda de aluguel e ganhos de capital.<\/li>\n\n\n\n<li>O regime n\u00e3o pode ser combinado com o antigo regime tribut\u00e1rio de Residentes N\u00e3o Habituais (RNH).<\/li>\n<\/ul>\n<\/li>\n\n\n\n<li><strong>Dura\u00e7\u00e3o e Condi\u00e7\u00f5es<\/strong>:\n<ul class=\"wp-block-list\">\n<li>O regime IFICI+ \u00e9 v\u00e1lido por um per\u00edodo <strong>Per\u00edodo de 10 anos<\/strong> e exige a manuten\u00e7\u00e3o de resid\u00eancia fiscal em Portugal durante todo o per\u00edodo.<\/li>\n\n\n\n<li>As atividades eleg\u00edveis podem ser expandidas no futuro, \u00e0 medida que o governo busca aumentar sua atratividade para talentos globais.<\/li>\n<\/ul>\n<\/li>\n<\/ul>\n\n\n\n<p>Este regime demonstra o compromisso de Portugal em promover a inova\u00e7\u00e3o e atrair profissionais de alto n\u00edvel, tornando-se um pilar da estrat\u00e9gia do Or\u00e7amento de 2025 para estimular o crescimento econ\u00f4mico.<\/p>\n\n\n\n<h2 class=\"wp-block-heading has-medium-font-size\"><strong>Aproveitando as oportunidades no panorama fiscal em evolu\u00e7\u00e3o de Portugal<\/strong><\/h2>\n\n\n\n<p>O Or\u00e7amento do Estado Portugu\u00eas para 2025 introduz medidas transformadoras que visam fortalecer o apelo econ\u00f3mico do pa\u00eds para residentes, empresas e talentos internacionais. Com impostos corporativos reduzidos, incentivos inovadores para indiv\u00edduos e empresas e a introdu\u00e7\u00e3o do <strong>Regime tribut\u00e1rio IFICI+<\/strong>Portugal continua a posicionar-se como um destino privilegiado para investimento, inova\u00e7\u00e3o e qualidade de vida.<\/p>\n\n\n\n<p>Essas reformas refletem um governo comprometido em promover o crescimento, atrair profissionais globais e criar um ambiente fiscal competitivo. Seja voc\u00ea um empres\u00e1rio, um empreendedor ou um indiv\u00edduo considerando a realoca\u00e7\u00e3o, este \u00e9 um momento oportuno para explorar como essas mudan\u00e7as podem benefici\u00e1-lo.<\/p>\n\n\n\n<p>No <strong>The Blue Portugal<\/strong>, trabalhamos em estreita colabora\u00e7\u00e3o com algumas das empresas de contabilidade e impostos mais respeit\u00e1veis para orient\u00e1-lo nessas mudan\u00e7as e garantir que voc\u00ea aproveite ao m\u00e1ximo as oportunidades dispon\u00edveis. Se voc\u00ea tiver d\u00favidas ou precisar de aconselhamento personalizado, n\u00e3o hesite em entrar em contato conosco. Vamos navegar juntos por esse cen\u00e1rio fiscal emocionante.<\/p>\n\n\n\n<p><\/p>","protected":false},"excerpt":{"rendered":"<p>Portugal\u2019s recently approved 2025 State Budget introduces a series of significant tax reforms aimed at boosting the country\u2019s economic growth and attracting both residents and businesses. With measures targeting reduced corporate and personal income taxes, alongside new incentives for investment and innovation, the government\u2019s strategy is focused on creating a more competitive and attractive fiscal [&hellip;]<\/p>\n","protected":false},"author":1,"featured_media":4134,"comment_status":"open","ping_status":"open","sticky":false,"template":"","format":"standard","meta":{"_acf_changed":false,"footnotes":""},"categories":[35],"tags":[],"class_list":["post-4133","post","type-post","status-publish","format-standard","has-post-thumbnail","hentry","category-golden-visa"],"acf":[],"_links":{"self":[{"href":"https:\/\/theblueportugal.com\/pt\/wp-json\/wp\/v2\/posts\/4133","targetHints":{"allow":["GET"]}}],"collection":[{"href":"https:\/\/theblueportugal.com\/pt\/wp-json\/wp\/v2\/posts"}],"about":[{"href":"https:\/\/theblueportugal.com\/pt\/wp-json\/wp\/v2\/types\/post"}],"author":[{"embeddable":true,"href":"https:\/\/theblueportugal.com\/pt\/wp-json\/wp\/v2\/users\/1"}],"replies":[{"embeddable":true,"href":"https:\/\/theblueportugal.com\/pt\/wp-json\/wp\/v2\/comments?post=4133"}],"version-history":[{"count":0,"href":"https:\/\/theblueportugal.com\/pt\/wp-json\/wp\/v2\/posts\/4133\/revisions"}],"wp:featuredmedia":[{"embeddable":true,"href":"https:\/\/theblueportugal.com\/pt\/wp-json\/wp\/v2\/media\/4134"}],"wp:attachment":[{"href":"https:\/\/theblueportugal.com\/pt\/wp-json\/wp\/v2\/media?parent=4133"}],"wp:term":[{"taxonomy":"category","embeddable":true,"href":"https:\/\/theblueportugal.com\/pt\/wp-json\/wp\/v2\/categories?post=4133"},{"taxonomy":"post_tag","embeddable":true,"href":"https:\/\/theblueportugal.com\/pt\/wp-json\/wp\/v2\/tags?post=4133"}],"curies":[{"name":"wp","href":"https:\/\/api.w.org\/{rel}","templated":true}]}}