{"id":2887,"date":"2024-01-09T09:36:02","date_gmt":"2024-01-09T09:36:02","guid":{"rendered":"https:\/\/theblueportugal.com\/?p=2887"},"modified":"2024-01-09T09:39:05","modified_gmt":"2024-01-09T09:39:05","slug":"programme-de-visa-du-portugal-mises-a-jour-importantes-2024","status":"publish","type":"post","link":"https:\/\/theblueportugal.com\/fr\/programme-de-visa-du-portugal-mises-a-jour-importantes-2024\/","title":{"rendered":"Programme de visa du Portugal\u00a0: mises \u00e0 jour importantes 2024"},"content":{"rendered":"<p><strong>Les derni\u00e8res nouvelles \u2013 janvier 2024<\/strong><\/p>\n\n\n\n<h2 class=\"wp-block-heading\">AIMA \u2013 La nouvelle agence pour l&#039;immigration, principaux d\u00e9fis et plan d&#039;action<\/h2>\n\n\n\n<p>L&#039;Agence pour l&#039;int\u00e9gration, la migration et l&#039;asile (AIMA) conna\u00eetra en 2024 le grand test de son existence, avec plusieurs promesses de r\u00e9gulariser les cas pendants qui d\u00e9pendront de la politique migratoire du prochain gouvernement.<\/p>\n\n\n\n<blockquote class=\"wp-block-quote is-layout-flow wp-block-quote-is-layout-flow\">\n<p>R\u00e9sultat de la fusion d&#039;une partie des fonctions du Service des \u00e9trangers et des fronti\u00e8res (SEF) et du Haut Commissariat aux Migrations, la nouvelle agence est entr\u00e9e en activit\u00e9 fin octobre, avec de grandes promesses de la part du gouvernement portugais d&#039;am\u00e9liorer consid\u00e9rablement les niveaux de service.<\/p>\n<\/blockquote>\n\n\n\n<p><strong>Depuis qu&#039;elle a succ\u00e9d\u00e9 \u00e0 SEF, AIMA compte 740 employ\u00e9s r\u00e9partis dans 34 bureaux \u00e0 travers le Portugal.<\/strong> et a h\u00e9rit\u00e9 d&#039;environ 350 000 dossiers en cours.<\/p>\n\n\n\n<p>L&#039;AIMA est surcharg\u00e9e en raison de l&#039;\u00e9norme charge de travail et du nombre insuffisant de personnel.<\/p>\n\n\n\n<p>Pour tenter de rem\u00e9dier \u00e0 la situation, le gouvernement sortant s&#039;est engag\u00e9 \u00e0 investir dans la modernisation du syst\u00e8me informatique, avec un <strong>portail d\u00e9j\u00e0 ouvert aux demandes d&#039;octroi et de renouvellement des titres de s\u00e9jour<\/strong>, un des probl\u00e8mes du SEF, qui ne pouvait pas r\u00e9pondre aux demandes formul\u00e9es et avait plusieurs probl\u00e8mes structurels.<\/p>\n\n\n\n<p>Dans le m\u00eame temps, au premier trimestre 2024, l&#039;ex\u00e9cutif a annonc\u00e9 qu&#039;il lancerait une op\u00e9ration en collaboration avec les municipalit\u00e9s et les bureaux d&#039;aide aux immigr\u00e9s, pour aider conjointement \u00e0 r\u00e9soudre les cas pendants.<\/p>\n\n\n\n<p>De plus, l&#039;AIMA ouvrira 10 bureaux suppl\u00e9mentaires et lancera un portail de prise de rendez-vous en ligne pour les demandes de permis de s\u00e9jour. En outre, cela ajoutera 190 ressources humaines suppl\u00e9mentaires.<\/p>\n\n\n\n<h2 class=\"wp-block-heading\">Loi sur la citoyennet\u00e9 portugaise \u2013 modifications r\u00e9centes<\/h2>\n\n\n\n<p>La semaine derni\u00e8re, <strong>de nouveaux amendements \u00e0 la loi sur la citoyennet\u00e9 portugaise ont \u00e9t\u00e9 approuv\u00e9s<\/strong> au Parlement portugais.<\/p>\n\n\n\n<p>Parmi plusieurs changements li\u00e9s \u00e0 l&#039;exclusion des liens effectifs avec le Portugal en cas de crimes violents ou de terrorisme, aux restrictions suppl\u00e9mentaires \u00e0 la naturalisation des Juifs s\u00e9pharades, \u00e0 l&#039;affiliation \u00e0 l&#039;\u00e2ge de la minorit\u00e9, les nouveaux amendements ont apport\u00e9 de bonnes et importantes nouvelles sur le d\u00e9compte des personnes l\u00e9gales. r\u00e9sidence qui est un crit\u00e8re tr\u00e8s important pour l\u2019\u00e9ligibilit\u00e9 \u00e0 la demande de citoyennet\u00e9.<\/p>\n\n\n\n<figure class=\"wp-block-image size-full is-resized\"><img fetchpriority=\"high\" decoding=\"async\" width=\"998\" height=\"665\" src=\"https:\/\/theblueportugal.com\/wp-content\/uploads\/2024\/01\/portugal-golden-visa-passaport.png\" alt=\"Passeport Golden Visa du Portugal\" class=\"wp-image-2890\" style=\"width:799px;height:auto\" srcset=\"\/\/theblueportugal.com\/wp-content\/uploads\/2024\/01\/portugal-golden-visa-passaport.png 998w, \/\/theblueportugal.com\/wp-content\/uploads\/2024\/01\/portugal-golden-visa-passaport-300x200.png 300w, \/\/theblueportugal.com\/wp-content\/uploads\/2024\/01\/portugal-golden-visa-passaport-768x512.png 768w, \/\/theblueportugal.com\/wp-content\/uploads\/2024\/01\/portugal-golden-visa-passaport-18x12.png 18w\" sizes=\"(max-width: 998px) 100vw, 998px\" \/><\/figure>\n\n\n\n<blockquote class=\"wp-block-quote is-layout-flow wp-block-quote-is-layout-flow\">\n<p>La r\u00e8gle modifi\u00e9e stipule que pour le d\u00e9compte du s\u00e9jour l\u00e9gal, le temps \u00e9coul\u00e9 \u00e0 partir du moment o\u00f9 le titre de s\u00e9jour a \u00e9t\u00e9 demand\u00e9 est consid\u00e9r\u00e9 comme approuv\u00e9.<\/p>\n<\/blockquote>\n\n\n\n<p>Selon nous, c&#039;est une fa\u00e7on d&#039;att\u00e9nuer le retard important dans les services d&#039;immigration, avant le SEF et maintenant le <a href=\"https:\/\/aima.gov.pt\/pt\" target=\"_blank\" data-type=\"link\" data-id=\"https:\/\/aima.gov.pt\/pt\" rel=\"noreferrer noopener\">AIMA<\/a>, pour d\u00e9livrer la premi\u00e8re carte de s\u00e9jour. Cela signifie que par exemple un <strong><a href=\"https:\/\/theblueportugal.com\/fr\/visas-pour-le-portugal\/portugal-golden-visa-and-residency-citizenship-d9\/\" data-type=\"page\" data-id=\"1282\">Visa d&#039;or du Portugal<\/a> demandeur qui soumet \u00e0 une certaine date<\/strong>, sa candidature sur le portail AIMA et paie les frais d&#039;analyse correspondants, <strong>le d\u00e9lai de 5 ans pour pouvoir demander la nationalit\u00e9 portugaise commencerait \u00e0 compter \u00e0 cette date.<\/strong><\/p>\n\n\n\n<h2 class=\"wp-block-heading\">Le budget gouvernemental 2024 a approuv\u00e9 la fin partielle du programme fiscal des r\u00e9sidents non habituels avec une p\u00e9riode de transition d&#039;un an<\/h2>\n\n\n\n<p>La loi de finances de l&#039;\u00c9tat pour 2024 (\u00ab Loi de finances de l&#039;\u00c9tat pour 2024 \u00bb) a \u00e9t\u00e9 approuv\u00e9e par le Parlement portugais et confirme la fin du r\u00e9gime de r\u00e9sidence non habituelle (\u00ab RNH \u00bb) \u00e0 partir de 2024.<\/p>\n\n\n\n<p>La loi de finances de l\u2019\u00c9tat pour 2024 contient des clauses de droits acquis qui<strong> permettre aux contribuables qui d\u00e9tiennent d\u00e9j\u00e0 le statut RNH de conserver les avantages de ce r\u00e9gime jusqu&#039;\u00e0 la fin de la p\u00e9riode respective de 10 ans.<\/strong> De plus, ceux qui sont devenus r\u00e9sidents fiscaux au Portugal jusqu&#039;au 31 d\u00e9cembre 2023 peuvent toujours en faire la demande et b\u00e9n\u00e9ficier de ses avantages pendant une p\u00e9riode de 10 ans.<\/p>\n\n\n\n<p><strong>La loi de finances de l&#039;\u00c9tat pour 2024 pr\u00e9voit certaines exceptions<\/strong> qui permettent aux contribuables ayant d\u00e9j\u00e0 des liens ant\u00e9rieurs avec le territoire portugais, sugg\u00e9rant un processus de changement en cours, de s&#039;installer au Portugal d&#039;ici le 31 d\u00e9cembre 2024 et, ainsi, de b\u00e9n\u00e9ficier du statut RNH.<\/p>\n\n\n\n<p>De plus, un <strong>un incitatif fiscal est cr\u00e9\u00e9 pour la recherche scientifique et l&#039;innovation<\/strong>, applicable uniquement aux contribuables qui s&#039;installent au Portugal et obtiennent des revenus d&#039;emplois et d&#039;activit\u00e9s sp\u00e9cifiques. La port\u00e9e r\u00e9elle de cette option ne pourra \u00eatre \u00e9valu\u00e9e qu\u2019apr\u00e8s la publication du r\u00e8glement sur les d\u00e9tails subtils.<\/p>\n\n\n\n<h2 class=\"wp-block-heading\">Golden Visa, de nouveaux fonds arrivent sur le march\u00e9 pour r\u00e9pondre \u00e0 la demande suppl\u00e9mentaire des investisseurs r\u00e9sultant de l&#039;\u00e9limination de la voie immobili\u00e8re<\/h2>\n\n\n\n<p>En octobre dernier, une nouvelle loi a \u00e9t\u00e9 publi\u00e9e, introduisant des changements importants dans le cadre du programme Golden Visa.<\/p>\n\n\n\n<p>L&#039;investissement immobilier a \u00e9t\u00e9 exclu, mais\u00a0<strong><a href=\"https:\/\/theblueportugal.com\/fr\/blue-investment-funds\/fonds-bleus\/\" data-type=\"page\" data-id=\"2193\">Fonds d&#039;investissement \u00e9ligibles comme les fonds de capital-investissement (PEF)<\/a> sont toujours une option valable<\/strong>.<\/p>\n\n\n\n<p>En raison de l\u2019int\u00e9r\u00eat consid\u00e9rable des investisseurs cherchant \u00e0 obtenir le Golden Visa le plus recherch\u00e9 dans l\u2019UE, de nouvelles options de fonds arrivent sur le march\u00e9.<\/p>\n\n\n\n<blockquote class=\"wp-block-quote is-layout-flow wp-block-quote-is-layout-flow\">\n<p>La port\u00e9e de l&#039;investissement du fonds varie de secteurs plus connus comme le tourisme, les \u00e9nergies renouvelables et l&#039;informatique \u00e0 des domaines moins explor\u00e9s comme l&#039;IA, le sport et les mati\u00e8res premi\u00e8res.<\/p>\n<\/blockquote>\n\n\n\n<p>Les investisseurs dans ces fonds b\u00e9n\u00e9ficient d&#039;une diversification, non seulement au sein d&#039;un seul fonds, mais \u00e9galement dans plusieurs fonds d&#039;investissement \u00e9ligibles.<\/p>\n\n\n\n<p>Les fonds sont g\u00e9r\u00e9s par des experts qui surpassent g\u00e9n\u00e9ralement l&#039;investisseur individuel moyen.<\/p>\n\n\n\n<p>Dans le cas des fonds de capital-investissement, les revenus des fonds ne sont pas impos\u00e9s et les revenus vers\u00e9s aux investisseurs non-r\u00e9sidents restent non impos\u00e9s (sauf s&#039;ils r\u00e9sident dans un \u00ab paradis fiscal \u00bb).<\/p>\n\n\n\n<p>Nous surveillons de pr\u00e8s ces nouveaux d\u00e9veloppements pour garantir que nos clients re\u00e7oivent des informations de premier ordre pour guider leurs d\u00e9cisions d&#039;investissement.<\/p>\n\n\n\n<p><a href=\"https:\/\/theblueportugal.com\/fr\/\" data-type=\"page\" data-id=\"40\">Le Portugal bleu<\/a> L&#039;\u00e9quipe poss\u00e8de des connaissances in\u00e9gal\u00e9es dans le domaine des fonds d&#039;investissement \u00e9ligibles. Nos membres fondateurs, avec une vaste carri\u00e8re dans les secteurs financier et immobilier dans diff\u00e9rents pays, entretiennent des liens profonds avec les principaux acteurs portugais de ce secteur.<\/p>\n\n\n\n<p>Notre \u00e9quipe et nos avocats disposent \u00e9galement d\u2019une tr\u00e8s bonne couverture des autres options de visa d\u2019immigration si vous souhaitez venir vivre au Portugal.<\/p>\n\n\n\n<p>Pour plus d\u2019informations sur les diff\u00e9rentes options, veuillez contacter The Blue Portugal. Embarquez pour un voyage fluide et r\u00e9ussi avec nous\u00a0!<\/p>\n\n\n\n<p>Je vous souhaite une excellente ann\u00e9e 2024 !<\/p>","protected":false},"excerpt":{"rendered":"<p>The Latest News &#8211; January 2024 AIMA &#8211; The new agency for immigration, main challenges, and plan of action The Agency for Integration, Migration and Asylum (AIMA) will have in 2024 the great test of its existence, with several promises to regularize pending cases that will depend on the migration policy of the next government. [&hellip;]<\/p>\n","protected":false},"author":1,"featured_media":2890,"comment_status":"open","ping_status":"open","sticky":false,"template":"","format":"standard","meta":{"_acf_changed":false,"footnotes":""},"categories":[37,35,34],"tags":[],"class_list":["post-2887","post","type-post","status-publish","format-standard","has-post-thumbnail","hentry","category-portugals-visa","category-golden-visa","category-investment-funds"],"acf":[],"_links":{"self":[{"href":"https:\/\/theblueportugal.com\/fr\/wp-json\/wp\/v2\/posts\/2887","targetHints":{"allow":["GET"]}}],"collection":[{"href":"https:\/\/theblueportugal.com\/fr\/wp-json\/wp\/v2\/posts"}],"about":[{"href":"https:\/\/theblueportugal.com\/fr\/wp-json\/wp\/v2\/types\/post"}],"author":[{"embeddable":true,"href":"https:\/\/theblueportugal.com\/fr\/wp-json\/wp\/v2\/users\/1"}],"replies":[{"embeddable":true,"href":"https:\/\/theblueportugal.com\/fr\/wp-json\/wp\/v2\/comments?post=2887"}],"version-history":[{"count":0,"href":"https:\/\/theblueportugal.com\/fr\/wp-json\/wp\/v2\/posts\/2887\/revisions"}],"wp:featuredmedia":[{"embeddable":true,"href":"https:\/\/theblueportugal.com\/fr\/wp-json\/wp\/v2\/media\/2890"}],"wp:attachment":[{"href":"https:\/\/theblueportugal.com\/fr\/wp-json\/wp\/v2\/media?parent=2887"}],"wp:term":[{"taxonomy":"category","embeddable":true,"href":"https:\/\/theblueportugal.com\/fr\/wp-json\/wp\/v2\/categories?post=2887"},{"taxonomy":"post_tag","embeddable":true,"href":"https:\/\/theblueportugal.com\/fr\/wp-json\/wp\/v2\/tags?post=2887"}],"curies":[{"name":"wp","href":"https:\/\/api.w.org\/{rel}","templated":true}]}}